{"id":99,"date":"2020-07-07T12:05:00","date_gmt":"2020-07-07T12:05:00","guid":{"rendered":"https:\/\/naconsultoria.com\/news\/?p=99"},"modified":"2020-06-30T12:09:15","modified_gmt":"2020-06-30T12:09:15","slug":"el-plan-estrategico-como-elemento-esencial","status":"publish","type":"post","link":"https:\/\/naconsultoria.com\/news\/el-plan-estrategico-como-elemento-esencial\/","title":{"rendered":"EL PLAN ESTRAT\u00c9GICO COMO ELEMENTO ESENCIAL"},"content":{"rendered":"\n<p>Uno de los principales problemas de gran parte de las PYMES es la&nbsp;inexistencia de un plan estrat\u00e9gico que le permita a la empresa fijarse objetivos tanto corporativos como para cada una de sus \u00e1reas, con el fin de desarrollar una gesti\u00f3n gerencial del mediano y largo plazo.<\/p>\n\n\n\n<p>Es habitual que quienes lideran este tipo de empresas enfoquen todos sus esfuerzos a la gesti\u00f3n del d\u00eda a d\u00eda, sin tener en cuenta el establecimiento de un plan a futuro que sea algo as\u00ed como la hoja de ruta. Ante la ausencia de este elemento troncal el L\u00edder suele quedar disminuido a la figura de un administrador reactivo que act\u00faa de acuerdo con los problemas que van ocurriendo.<\/p>\n\n\n\n<p>Cuando una empresa tiene un Plan el l\u00edder le dice a su equipo cu\u00e1les son los objetivos para cada \u00e1rea y se dedica a gestionar eso mientras que el d\u00eda a d\u00eda queda en manos de su equipo. De esta manera la empresa se ordena, crece y se vuelve m\u00e1s \u00e1gil y competitiva<\/p>\n","protected":false},"excerpt":{"rendered":"<p>Uno de los principales problemas de gran parte de las PYMES es la&nbsp;inexistencia de un plan estrat\u00e9gico que le permita a la empresa fijarse objetivos tanto corporativos como para cada una de sus \u00e1reas, con el fin de desarrollar una gesti\u00f3n gerencial del mediano y largo plazo. Es habitual que quienes lideran este tipo de &#8230; <a title=\"EL PLAN ESTRAT\u00c9GICO COMO ELEMENTO ESENCIAL\" class=\"read-more\" href=\"https:\/\/naconsultoria.com\/news\/el-plan-estrategico-como-elemento-esencial\/\" aria-label=\"Leer m\u00e1s sobre EL PLAN ESTRAT\u00c9GICO COMO ELEMENTO ESENCIAL\">Leer m\u00e1s<\/a><\/p>\n","protected":false},"author":4,"featured_media":101,"comment_status":"open","ping_status":"open","sticky":false,"template":"","format":"standard","meta":{"footnotes":""},"categories":[1],"tags":[],"class_list":["post-99","post","type-post","status-publish","format-standard","has-post-thumbnail","hentry","category-sin-categoria"],"_links":{"self":[{"href":"https:\/\/naconsultoria.com\/news\/wp-json\/wp\/v2\/posts\/99","targetHints":{"allow":["GET"]}}],"collection":[{"href":"https:\/\/naconsultoria.com\/news\/wp-json\/wp\/v2\/posts"}],"about":[{"href":"https:\/\/naconsultoria.com\/news\/wp-json\/wp\/v2\/types\/post"}],"author":[{"embeddable":true,"href":"https:\/\/naconsultoria.com\/news\/wp-json\/wp\/v2\/users\/4"}],"replies":[{"embeddable":true,"href":"https:\/\/naconsultoria.com\/news\/wp-json\/wp\/v2\/comments?post=99"}],"version-history":[{"count":0,"href":"https:\/\/naconsultoria.com\/news\/wp-json\/wp\/v2\/posts\/99\/revisions"}],"wp:featuredmedia":[{"embeddable":true,"href":"https:\/\/naconsultoria.com\/news\/wp-json\/wp\/v2\/media\/101"}],"wp:attachment":[{"href":"https:\/\/naconsultoria.com\/news\/wp-json\/wp\/v2\/media?parent=99"}],"wp:term":[{"taxonomy":"category","embeddable":true,"href":"https:\/\/naconsultoria.com\/news\/wp-json\/wp\/v2\/categories?post=99"},{"taxonomy":"post_tag","embeddable":true,"href":"https:\/\/naconsultoria.com\/news\/wp-json\/wp\/v2\/tags?post=99"}],"curies":[{"name":"wp","href":"https:\/\/api.w.org\/{rel}","templated":true}]}}